{"id":2777,"date":"2017-04-10T06:00:00","date_gmt":"2017-04-10T06:00:00","guid":{"rendered":"http:\/\/www.irlab.se\/irlab-therapeutics-ab-publ-kallar-till-arsstamma-den-16-maj-2017\/"},"modified":"2017-04-10T06:00:00","modified_gmt":"2017-04-10T06:00:00","slug":"irlab-therapeutics-ab-publ-kallar-till-arsstamma-den-16-maj-2017","status":"publish","type":"post","link":"https:\/\/irlab.se\/sv\/irlab-therapeutics-ab-publ-kallar-till-arsstamma-den-16-maj-2017\/","title":{"rendered":"IRLAB Therapeutics AB (publ) kallar till \u00e5rsst\u00e4mma den 16 maj 2017"},"content":{"rendered":"<p><strong>Anm&auml;lan m.m.<\/strong><\/p>\n<p><span>Aktie&auml;gare som vill delta i bolagsst&auml;mman ska: <\/p>\n<p> <\/span><\/p>\n<ul>\n<li><span>dels vara inf&ouml;rd i den av Euroclear Sweden AB f&ouml;rda aktieboken senast onsdagen den 10 maj 2017; och<\/span><\/li>\n<li><span>dels senast onsdagen den 10 maj 2017 kl. 16.00 anm&auml;la sig skriftligen per brev till IRLAB Therapeutics AB (publ), att. Viktor Siewertz, Arvid Wallgrens Backe 20, 413 46 G&ouml;teborg, via mail till ir@irlab.se eller per telefon till +46 31&nbsp;757 3800 (v&auml;xel). I anm&auml;lan ska uppges aktie&auml;garens namn, person- eller organisationsnummer, aktieinnehav, adress, telefonnummer, uppgift om eventuella bitr&auml;den (h&ouml;gst 2), samt i f&ouml;rekommande fall uppgift om st&auml;llf&ouml;retr&auml;dare eller ombud. Anm&auml;lan b&ouml;r i f&ouml;rekommande fall &aring;tf&ouml;ljas av fullmakter, registreringsbevis och andra beh&ouml;righetshandlingar.<\/span><\/li>\n<\/ul>\n<p><span>Personuppgifter som h&auml;mtas fr&aring;n den av Euroclear Sweden AB f&ouml;rda aktieboken, anm&auml;lan och deltagande vid st&auml;mman samt uppgifter om st&auml;llf&ouml;retr&auml;dare, ombud och bitr&auml;den kommer att anv&auml;ndas f&ouml;r registrering, uppr&auml;ttande av r&ouml;stl&auml;ngd f&ouml;r st&auml;mman, samt i f&ouml;rekommande fall, st&auml;mmoprotokoll.<\/span><\/p>\n<p><strong><span>F&ouml;rvaltarregistrerade aktier<br \/> <\/span><\/strong><span>Aktie&auml;gare, som l&aring;tit f&ouml;rvaltarregistrera sina aktier m&aring;ste, f&ouml;r att &auml;ga r&auml;tt att delta i bolagsst&auml;mman, inregistrera aktierna i eget namn i den av Euroclear Sweden AB f&ouml;rda aktieboken. S&aring;dan omregistrering m&aring;ste vara verkst&auml;lld senast onsdagen den 10 maj 2017. Detta inneb&auml;r att aktie&auml;gare i god tid f&ouml;re denna dag m&aring;ste meddela sin beg&auml;ran h&auml;rom till f&ouml;rvaltaren. <\/span><\/p>\n<p><strong><span>Ombud m.m.<\/span><\/strong><\/p>\n<p><span>Aktie&auml;gare som f&ouml;retr&auml;ds genom ombud ska utf&auml;rda daterad fullmakt f&ouml;r ombudet. Om fullmakten utf&auml;rdas av juridisk person ska bestyrkt kopia av registreringsbevis eller motsvarande f&ouml;r den juridiska personen bifogas. Fullmaktens giltighet f&aring;r anges till l&auml;ngst fem &aring;r fr&aring;n utf&auml;rdandet. Fullmakten i original samt eventuellt registreringsbevis b&ouml;r i god tid f&ouml;re st&auml;mman ins&auml;ndas per brev till Bolaget. Fullmaktsformul&auml;r finns tillg&auml;ngligt att ladda ner p&aring; Bolagets webbplats, <\/span><a href=\"https:\/\/irlab.se\/\"><span>www.irlab.se<\/span><\/a><span>.<\/span>&nbsp;<\/p>\n<p><strong><span>F&ouml;rslag till dagordning: <\/span><\/strong><\/p>\n<ol>\n<li><span>1.<span>&nbsp;&nbsp;&nbsp;&nbsp;&nbsp; <\/span><\/span><span>St&auml;mmans &ouml;ppnande.<\/span><\/li>\n<li><span>2.<span>&nbsp;&nbsp;&nbsp;&nbsp;&nbsp; <\/span><\/span><span>Val av ordf&ouml;rande vid st&auml;mman.<\/span><\/li>\n<li><span>3.<span>&nbsp;&nbsp;&nbsp;&nbsp;&nbsp; <\/span><\/span><span>Uppr&auml;ttande och godk&auml;nnande av r&ouml;stl&auml;ngd.<\/span><\/li>\n<li><span>4.<span>&nbsp;&nbsp;&nbsp;&nbsp;&nbsp; <\/span><\/span><span>Godk&auml;nnande av dagordning.<\/span><\/li>\n<li><span>5.<span>&nbsp;&nbsp;&nbsp;&nbsp;&nbsp; <\/span><\/span><span>Val av en eller tv&aring; justeringsm&auml;n.<\/span><\/li>\n<li><span>6.<span>&nbsp;&nbsp;&nbsp;&nbsp;&nbsp; <\/span><\/span><span>Pr&ouml;vning av om st&auml;mman blivit beh&ouml;rigen sammankallad.<\/span><\/li>\n<li><span>7.<span>&nbsp;&nbsp;&nbsp;&nbsp;&nbsp; <\/span><\/span><span>Framl&auml;ggande av &aring;rsredovisningen och revisionsber&auml;ttelsen samt, i f&ouml;rekommande fall, koncernredovisningen och koncernrevisionsber&auml;ttelsen. <\/span><\/li>\n<li><span>8.<span>&nbsp;&nbsp;&nbsp;&nbsp;&nbsp; <\/span><\/span><span>Beslut om fastst&auml;llande av resultatr&auml;kningen och balansr&auml;kningen samt, i f&ouml;rekommande fall, koncernresultatr&auml;kningen och koncernbalansr&auml;kningen.<\/span><\/li>\n<li><span>9.<span>&nbsp;&nbsp;&nbsp;&nbsp;&nbsp; <\/span><\/span><span>Beslut om dispositioner betr&auml;ffande Bolagets resultat enligt den fastst&auml;llda balansr&auml;kningen.<\/span><\/li>\n<li><span>10.<span>&nbsp;&nbsp; <\/span><\/span><span>Beslut om ansvarsfrihet &aring;t styrelseledam&ouml;terna och verkst&auml;llande direkt&ouml;ren. <\/span><\/li>\n<li><span>11.<span>&nbsp;&nbsp; <\/span><\/span><span>Fastst&auml;llande av antalet styrelseledam&ouml;ter och styrelsesuppleanter samt antalet revisorer och revisorssuppleanter.<\/span><\/li>\n<li><span>12.<span>&nbsp;&nbsp; <\/span><\/span><span>Fastst&auml;llande av arvoden till styrelseledam&ouml;ter och revisorer.<\/span><\/li>\n<li><span>13.<span>&nbsp;&nbsp; <\/span><\/span><span>Val av styrelseledam&ouml;ter och eventuella styrelsesuppleanter samt revisorer och eventuella revisorssuppleanter.<\/span><\/li>\n<li><span>14.<span>&nbsp;&nbsp; <\/span><\/span><span>Fastst&auml;llande av valberedningens f&ouml;rslag till instruktion f&ouml;r valberedning.<\/span><\/li>\n<li><span>15.<span>&nbsp;&nbsp; <\/span><\/span><span>Fastst&auml;llande av styrelsens f&ouml;rslag till riktlinjer f&ouml;r ers&auml;ttning till ledande befattningshavare.<\/span><\/li>\n<li><span>16.<span>&nbsp;&nbsp; <\/span><\/span><span>Avslutande av st&auml;mman.<\/span><\/li>\n<\/ol>\n<p><strong><span>Valberedningen<\/span><\/strong><\/p>\n<p><span>Valberedningen i Bolaget har utgjorts av Bo Rydlinger (representerande FV Group AB m.fl.), Anders Vedin (styrelsens ordf&ouml;rande), Hans-Peter Ostler (representerande Sivert Larsson Scholarship Foundation) och Susanna Holm Waters (representerande grundarna av Integrative Research Laboratories Sweden AB, d&auml;ribland Joakim Tedroff, Nicholas Waters, Susanna Holm Waters, Clas Sonesson, Cecilia Stenberg och Peder Svensson). Ordf&ouml;rande i valberedningen har varit Bo Rydlinger.<\/span><\/p>\n<p><strong><span>Valberedningens f&ouml;rslag <\/span><\/strong><\/p>\n<p><strong><span>Punkt 2<\/span><\/strong><span> &ndash; F&ouml;resl&aring;s att Anders Vedin v&auml;ljs till ordf&ouml;rande p&aring; st&auml;mman. <\/span><\/p>\n<p><strong><span>Punkt 12<\/span><\/strong><span> &#8211; F&ouml;resl&aring;s att styrelsens arvode f&ouml;r tiden fram till och med n&auml;sta &aring;rsst&auml;mma ska utg&aring; med 200 000 SEK till styrelsens ordf&ouml;rande och 80 000 SEK till envar av &ouml;vriga ledam&ouml;ter. Revisorsarvode f&ouml;resl&aring;s utg&aring; enligt l&ouml;pande r&auml;kning.<\/span><\/p>\n<p><strong><span>Punkt 11 och 13<\/span><\/strong><span> &ndash; Vid tidpunkten f&ouml;r utf&auml;rdande av denna kallelse f&ouml;religger inget f&ouml;rslag till beslut kring antal styrelseledam&ouml;ter och val av styrelse. Enligt vad styrelsen erfar kommer f&ouml;rslag att l&auml;mnas i god tid f&ouml;re &aring;rsst&auml;mman, dock senast den 25 april 2017, och kommer d&aring; att omedelbart publiceras p&aring; Bolagets hemsida. <\/span><\/p>\n<p><span>Det f&ouml;resl&aring;s dock omval av &Ouml;hrlings PricewaterhouseCoopers AB, org. nr 556029-6740, (&rdquo;PwC&rdquo;) som revisor. PwC har meddelat att f&ouml;r det fall PwC v&auml;ljs, kommer PwC att utse Johan Rippe till huvudansvarig revisor. <\/span><\/p>\n<p><strong><span>Punkt 14<\/span><\/strong><span> &#8211; F&ouml;resl&aring;s att instruktion till valberedningen kvarst&aring;r i enlighet med vad som beslutades vid extra bolagsst&auml;mma den 30 november 2016.<\/span><\/p>\n<p><strong><span>Punkt 9 &#8211; Styrelsens f&ouml;rslag till beslut om disposition av Bolagets resultat <\/span><\/strong><\/p>\n<p><span>Styrelsen f&ouml;resl&aring;r att &aring;rsst&auml;mman beslutar att Bolagets resultat disponeras i enlighet styrelsens f&ouml;rslag i &aring;rsredovisningen. Styrelsen f&ouml;resl&aring;r vidare att ingen utdelning l&auml;mnas f&ouml;r r&auml;kenskaps&aring;ret 2016.<\/span><\/p>\n<p><strong><span>Punkt 15 &#8211; Styrelsens f&ouml;rslag till riktlinjer f&ouml;r ers&auml;ttning till ledande befattningshavare<\/span><\/strong><\/p>\n<p><span>Styrelsen f&ouml;resl&aring;r att bolagsst&auml;mman antar f&ouml;ljande riktlinjer f&ouml;r ers&auml;ttningar till ledande befattningshavare f&ouml;r tiden intill n&auml;sta &aring;rsst&auml;mma. Med ledande befattningshavare avses verkst&auml;llande direkt&ouml;ren och medlemmar av Bolagets ledningsgrupp.<\/span><\/p>\n<p><span>Ers&auml;ttningsfr&aring;gor behandlas av styrelsen och beslutas av styrelsen i sin helhet. Bolaget &auml;r kollektivanslutet och f&ouml;ljer d&auml;rmed g&auml;llande avtal och regler. VD och Bolagets ledningsgrupp utg&ouml;r Bolagets ledande befattningshavare. Dessa ska erbjudas en marknadsm&auml;ssig kompensation, som ska beakta den enskildes ansvarsomr&aring;den och erfarenhet. Ers&auml;ttningen ska best&aring; av fast l&ouml;n och pension, med syfte att fr&auml;mja Bolagets l&aring;ngsiktiga v&auml;rdeskapande. F&ouml;r VD g&auml;ller en &ouml;msesidig upps&auml;gningstid om 18 m&aring;nader och f&ouml;r &ouml;vriga ledande befattningshavare skall upps&auml;gningstid enligt g&auml;llande kollektivavtal till&auml;mpas. Inget avg&aring;ngsvederlag ut&ouml;ver l&ouml;n under upps&auml;gningstiden f&ouml;rekommer.<\/span><\/p>\n<p><span>Styrelsen har r&auml;tt att fr&aring;ng&aring; ovanst&aring;ende riktlinjer om styrelsen bed&ouml;mer att det i ett enskilt fall finns s&auml;rskilda sk&auml;l som motiverar det.<\/span><\/p>\n<p><strong><span>Aktie&auml;garnas r&auml;tt att beg&auml;ra upplysningar<\/span><\/strong><\/p>\n<p><span>Aktie&auml;gare erinras om sin r&auml;tt att p&aring; bolagsst&auml;mman beg&auml;ra att styrelsen och den verkst&auml;llande direkt&ouml;ren l&auml;mnar upplysningar om f&ouml;rh&aring;llanden som kan inverka p&aring; bed&ouml;mningen av ett &auml;rende p&aring; dagordningen och f&ouml;rh&aring;llanden som kan inverka p&aring; bed&ouml;mningen av Bolagets ekonomiska situation. Upplysningsplikten avser &auml;ven Bolagets f&ouml;rh&aring;llande till annat koncernf&ouml;retag och koncernredovisningen samt s&aring;dana f&ouml;rh&aring;llanden betr&auml;ffande dotterf&ouml;retag som avses ovan. Upplysningar ska l&auml;mnas om det kan ske utan v&auml;sentlig skada f&ouml;r Bolaget.<\/span><\/p>\n<p><strong><span>Tillhandah&aring;llande av handlingar<\/span><\/strong><\/p>\n<p><span>Redovisningshandlingar, revisionsber&auml;ttelse och &ouml;vriga handlingar att behandlas p&aring; st&auml;mman kommer att h&aring;llas tillg&auml;ngliga p&aring; Bolagets kontor med adress Arvid Wallgrens Backe 20, 413 46 G&ouml;teborg,<\/span> <span>samt p&aring; dess hemsida, www.irlab.se, senast tre veckor f&ouml;re st&auml;mman. Handlingarna skickas ocks&aring; utan kostnad till de aktie&auml;gare som beg&auml;r det och som uppger sin postadress. Handlingarna kommer &auml;ven att finnas tillg&auml;ngliga vid &aring;rsst&auml;mman.<\/span><\/p>\n<p><strong><span>Antalet aktier och r&ouml;ster<\/span><\/strong><\/p>\n<p><span>Det totala antalet aktier i Bolaget uppg&aring;r till 6&nbsp;999 939, varav 6&nbsp;928 388 aktier av serie A och 71 551 aktier av serie B. Det totala antalet r&ouml;ster i Bolaget uppg&aring;r till 6&nbsp;999 939. Bolaget innehar inga egna aktier. <\/span><\/p>\n<p><span>__________________<\/span><\/p>\n<p><span>G&ouml;teborg i april 2017<\/span><\/p>\n<p><span>IRLAB Therapeutics AB (publ)<\/span><\/p>\n<p><span>STYRELSEN<\/span><\/p>\n<p><span>Kallelsen till &aring;rsst&auml;mman publiceras den 10 april 2017 p&aring; Bolagets hemsida www.irlab.se. Den 12 april 2017 publiceras kallelsen i Post- och Inrikes Tidningar p&aring; Bolagsverkets hemsida. Samma dag inf&ouml;rs en annons i Dagens Industri om att kallelse har skett.<\/span><\/p>\n","protected":false},"excerpt":{"rendered":"<p>Aktie\u00e4garna i IRLAB Therapeutics AB (publ), 556931-4692, (\u201dBolaget\u201d) kallas h\u00e4rmed till \u00e5rsst\u00e4mma tisdagen den 16 maj 2017 kl. 17.00 p\u00e5 Wallenbergs Konferenscentrum, Medicinaregatan 20 A, G\u00f6teborg. Inregistrering till st\u00e4mman b\u00f6rjar kl. 16.30.<\/p>\n","protected":false},"author":0,"featured_media":0,"comment_status":"open","ping_status":"open","sticky":false,"template":"","format":"standard","meta":{"_acf_changed":false,"footnotes":""},"categories":[23],"tags":[34,36,37,35],"class_list":["post-2777","post","type-post","status-publish","format-standard","hentry","category-pressmeddelande-2","tag-arsstamma","tag-fullmakt","tag-irlab","tag-kallelse"],"acf":[],"yoast_head":"<!-- This site is optimized with the Yoast SEO plugin v26.7 - https:\/\/yoast.com\/wordpress\/plugins\/seo\/ -->\n<title>IRLAB Therapeutics AB (publ) kallar till \u00e5rsst\u00e4mma den 16 maj 2017 - IRLAB<\/title>\n<meta name=\"robots\" content=\"index, follow, max-snippet:-1, max-image-preview:large, max-video-preview:-1\" \/>\n<link rel=\"canonical\" href=\"https:\/\/irlab.se\/sv\/irlab-therapeutics-ab-publ-kallar-till-arsstamma-den-16-maj-2017\/\" \/>\n<meta property=\"og:locale\" content=\"sv_SE\" \/>\n<meta property=\"og:type\" content=\"article\" \/>\n<meta property=\"og:title\" content=\"IRLAB Therapeutics AB (publ) kallar till \u00e5rsst\u00e4mma den 16 maj 2017 - IRLAB\" \/>\n<meta property=\"og:description\" content=\"Aktie\u00e4garna i IRLAB Therapeutics AB (publ), 556931-4692, (\u201dBolaget\u201d) kallas h\u00e4rmed till \u00e5rsst\u00e4mma tisdagen den 16 maj 2017 kl. 17.00 p\u00e5 Wallenbergs Konferenscentrum, Medicinaregatan 20 A, G\u00f6teborg. Inregistrering till st\u00e4mman b\u00f6rjar kl. 16.30.\" \/>\n<meta property=\"og:url\" content=\"https:\/\/irlab.se\/sv\/irlab-therapeutics-ab-publ-kallar-till-arsstamma-den-16-maj-2017\/\" \/>\n<meta property=\"og:site_name\" content=\"IRLAB\" \/>\n<meta property=\"article:published_time\" content=\"2017-04-10T06:00:00+00:00\" \/>\n<meta name=\"twitter:card\" content=\"summary_large_image\" \/>\n<meta name=\"twitter:label1\" content=\"Ber\u00e4knad l\u00e4stid\" \/>\n\t<meta name=\"twitter:data1\" content=\"8 minuter\" \/>\n<script type=\"application\/ld+json\" class=\"yoast-schema-graph\">{\"@context\":\"https:\/\/schema.org\",\"@graph\":[{\"@type\":\"Article\",\"@id\":\"https:\/\/irlab.se\/sv\/irlab-therapeutics-ab-publ-kallar-till-arsstamma-den-16-maj-2017\/#article\",\"isPartOf\":{\"@id\":\"https:\/\/irlab.se\/sv\/irlab-therapeutics-ab-publ-kallar-till-arsstamma-den-16-maj-2017\/\"},\"author\":{\"name\":\"\",\"@id\":\"\"},\"headline\":\"IRLAB Therapeutics AB (publ) kallar till \u00e5rsst\u00e4mma den 16 maj 2017\",\"datePublished\":\"2017-04-10T06:00:00+00:00\",\"mainEntityOfPage\":{\"@id\":\"https:\/\/irlab.se\/sv\/irlab-therapeutics-ab-publ-kallar-till-arsstamma-den-16-maj-2017\/\"},\"wordCount\":1622,\"commentCount\":0,\"keywords\":[\"\u00e5rsst\u00e4mma\",\"fullmakt\",\"irlab\",\"Kallelse\"],\"articleSection\":[\"Pressmeddelande\"],\"inLanguage\":\"sv-SE\",\"potentialAction\":[{\"@type\":\"CommentAction\",\"name\":\"Comment\",\"target\":[\"https:\/\/irlab.se\/sv\/irlab-therapeutics-ab-publ-kallar-till-arsstamma-den-16-maj-2017\/#respond\"]}]},{\"@type\":\"WebPage\",\"@id\":\"https:\/\/irlab.se\/sv\/irlab-therapeutics-ab-publ-kallar-till-arsstamma-den-16-maj-2017\/\",\"url\":\"https:\/\/irlab.se\/sv\/irlab-therapeutics-ab-publ-kallar-till-arsstamma-den-16-maj-2017\/\",\"name\":\"IRLAB Therapeutics AB (publ) kallar till \u00e5rsst\u00e4mma den 16 maj 2017 - IRLAB\",\"isPartOf\":{\"@id\":\"https:\/\/irlab.se\/#website\"},\"datePublished\":\"2017-04-10T06:00:00+00:00\",\"author\":{\"@id\":\"\"},\"breadcrumb\":{\"@id\":\"https:\/\/irlab.se\/sv\/irlab-therapeutics-ab-publ-kallar-till-arsstamma-den-16-maj-2017\/#breadcrumb\"},\"inLanguage\":\"sv-SE\",\"potentialAction\":[{\"@type\":\"ReadAction\",\"target\":[\"https:\/\/irlab.se\/sv\/irlab-therapeutics-ab-publ-kallar-till-arsstamma-den-16-maj-2017\/\"]}]},{\"@type\":\"BreadcrumbList\",\"@id\":\"https:\/\/irlab.se\/sv\/irlab-therapeutics-ab-publ-kallar-till-arsstamma-den-16-maj-2017\/#breadcrumb\",\"itemListElement\":[{\"@type\":\"ListItem\",\"position\":1,\"name\":\"Home\",\"item\":\"https:\/\/irlab.se\/sv\/\"},{\"@type\":\"ListItem\",\"position\":2,\"name\":\"IRLAB Therapeutics AB (publ) kallar till \u00e5rsst\u00e4mma den 16 maj 2017\"}]},{\"@type\":\"WebSite\",\"@id\":\"https:\/\/irlab.se\/#website\",\"url\":\"https:\/\/irlab.se\/\",\"name\":\"Irlab\",\"description\":\"Novel treatments for Parkinson&#039;s disease\",\"potentialAction\":[{\"@type\":\"SearchAction\",\"target\":{\"@type\":\"EntryPoint\",\"urlTemplate\":\"https:\/\/irlab.se\/?s={search_term_string}\"},\"query-input\":{\"@type\":\"PropertyValueSpecification\",\"valueRequired\":true,\"valueName\":\"search_term_string\"}}],\"inLanguage\":\"sv-SE\"}]}<\/script>\n<!-- \/ Yoast SEO plugin. -->","yoast_head_json":{"title":"IRLAB Therapeutics AB (publ) kallar till \u00e5rsst\u00e4mma den 16 maj 2017 - IRLAB","robots":{"index":"index","follow":"follow","max-snippet":"max-snippet:-1","max-image-preview":"max-image-preview:large","max-video-preview":"max-video-preview:-1"},"canonical":"https:\/\/irlab.se\/sv\/irlab-therapeutics-ab-publ-kallar-till-arsstamma-den-16-maj-2017\/","og_locale":"sv_SE","og_type":"article","og_title":"IRLAB Therapeutics AB (publ) kallar till \u00e5rsst\u00e4mma den 16 maj 2017 - IRLAB","og_description":"Aktie\u00e4garna i IRLAB Therapeutics AB (publ), 556931-4692, (\u201dBolaget\u201d) kallas h\u00e4rmed till \u00e5rsst\u00e4mma tisdagen den 16 maj 2017 kl. 17.00 p\u00e5 Wallenbergs Konferenscentrum, Medicinaregatan 20 A, G\u00f6teborg. Inregistrering till st\u00e4mman b\u00f6rjar kl. 16.30.","og_url":"https:\/\/irlab.se\/sv\/irlab-therapeutics-ab-publ-kallar-till-arsstamma-den-16-maj-2017\/","og_site_name":"IRLAB","article_published_time":"2017-04-10T06:00:00+00:00","twitter_card":"summary_large_image","twitter_misc":{"Ber\u00e4knad l\u00e4stid":"8 minuter"},"schema":{"@context":"https:\/\/schema.org","@graph":[{"@type":"Article","@id":"https:\/\/irlab.se\/sv\/irlab-therapeutics-ab-publ-kallar-till-arsstamma-den-16-maj-2017\/#article","isPartOf":{"@id":"https:\/\/irlab.se\/sv\/irlab-therapeutics-ab-publ-kallar-till-arsstamma-den-16-maj-2017\/"},"author":{"name":"","@id":""},"headline":"IRLAB Therapeutics AB (publ) kallar till \u00e5rsst\u00e4mma den 16 maj 2017","datePublished":"2017-04-10T06:00:00+00:00","mainEntityOfPage":{"@id":"https:\/\/irlab.se\/sv\/irlab-therapeutics-ab-publ-kallar-till-arsstamma-den-16-maj-2017\/"},"wordCount":1622,"commentCount":0,"keywords":["\u00e5rsst\u00e4mma","fullmakt","irlab","Kallelse"],"articleSection":["Pressmeddelande"],"inLanguage":"sv-SE","potentialAction":[{"@type":"CommentAction","name":"Comment","target":["https:\/\/irlab.se\/sv\/irlab-therapeutics-ab-publ-kallar-till-arsstamma-den-16-maj-2017\/#respond"]}]},{"@type":"WebPage","@id":"https:\/\/irlab.se\/sv\/irlab-therapeutics-ab-publ-kallar-till-arsstamma-den-16-maj-2017\/","url":"https:\/\/irlab.se\/sv\/irlab-therapeutics-ab-publ-kallar-till-arsstamma-den-16-maj-2017\/","name":"IRLAB Therapeutics AB (publ) kallar till \u00e5rsst\u00e4mma den 16 maj 2017 - IRLAB","isPartOf":{"@id":"https:\/\/irlab.se\/#website"},"datePublished":"2017-04-10T06:00:00+00:00","author":{"@id":""},"breadcrumb":{"@id":"https:\/\/irlab.se\/sv\/irlab-therapeutics-ab-publ-kallar-till-arsstamma-den-16-maj-2017\/#breadcrumb"},"inLanguage":"sv-SE","potentialAction":[{"@type":"ReadAction","target":["https:\/\/irlab.se\/sv\/irlab-therapeutics-ab-publ-kallar-till-arsstamma-den-16-maj-2017\/"]}]},{"@type":"BreadcrumbList","@id":"https:\/\/irlab.se\/sv\/irlab-therapeutics-ab-publ-kallar-till-arsstamma-den-16-maj-2017\/#breadcrumb","itemListElement":[{"@type":"ListItem","position":1,"name":"Home","item":"https:\/\/irlab.se\/sv\/"},{"@type":"ListItem","position":2,"name":"IRLAB Therapeutics AB (publ) kallar till \u00e5rsst\u00e4mma den 16 maj 2017"}]},{"@type":"WebSite","@id":"https:\/\/irlab.se\/#website","url":"https:\/\/irlab.se\/","name":"Irlab","description":"Novel treatments for Parkinson&#039;s disease","potentialAction":[{"@type":"SearchAction","target":{"@type":"EntryPoint","urlTemplate":"https:\/\/irlab.se\/?s={search_term_string}"},"query-input":{"@type":"PropertyValueSpecification","valueRequired":true,"valueName":"search_term_string"}}],"inLanguage":"sv-SE"}]}},"_links":{"self":[{"href":"https:\/\/irlab.se\/sv\/wp-json\/wp\/v2\/posts\/2777","targetHints":{"allow":["GET"]}}],"collection":[{"href":"https:\/\/irlab.se\/sv\/wp-json\/wp\/v2\/posts"}],"about":[{"href":"https:\/\/irlab.se\/sv\/wp-json\/wp\/v2\/types\/post"}],"replies":[{"embeddable":true,"href":"https:\/\/irlab.se\/sv\/wp-json\/wp\/v2\/comments?post=2777"}],"version-history":[{"count":0,"href":"https:\/\/irlab.se\/sv\/wp-json\/wp\/v2\/posts\/2777\/revisions"}],"wp:attachment":[{"href":"https:\/\/irlab.se\/sv\/wp-json\/wp\/v2\/media?parent=2777"}],"wp:term":[{"taxonomy":"category","embeddable":true,"href":"https:\/\/irlab.se\/sv\/wp-json\/wp\/v2\/categories?post=2777"},{"taxonomy":"post_tag","embeddable":true,"href":"https:\/\/irlab.se\/sv\/wp-json\/wp\/v2\/tags?post=2777"}],"curies":[{"name":"wp","href":"https:\/\/api.w.org\/{rel}","templated":true}]}}