{"id":2769,"date":"2017-08-17T07:50:55","date_gmt":"2017-08-17T07:50:55","guid":{"rendered":"http:\/\/www.irlab.se\/irlab-tecknar-avtal-om-fas-2-studie-med-irl790\/"},"modified":"2017-08-17T07:50:55","modified_gmt":"2017-08-17T07:50:55","slug":"irlab-tecknar-avtal-om-fas-2-studie-med-irl790","status":"publish","type":"post","link":"https:\/\/irlab.se\/sv\/irlab-tecknar-avtal-om-fas-2-studie-med-irl790\/","title":{"rendered":"IRLAB tecknar avtal om Fas 2-studie med IRL790"},"content":{"rendered":"<p><span>Fas 1b-studien avseende IRL790, som avslutades under v&aring;ren 2017, har gett positiv och mycket v&auml;rdefull information om s&auml;kerhet, tolererbarhet, dosering samt effekter, till st&ouml;d f&ouml;r planeringen av den kommande Fas 2-studien. Studien syftar till att bekr&auml;fta effekten som observerades i Fas 1b studien och vidare studera s&auml;kerhet och tolererbarhet av IRL790 vid behandling av patienter drabbade av dyskinesier vid Parkinsons sjukdom (PD- LIDs), ett omr&aring;de d&auml;r det idag endast finns begr&auml;nsade behandlingsalternativ och behoven &auml;r stora.<\/span><\/p>\n<p><span>Avtal har tecknats med TCTC, en brittisk Clinical Research Organisation (CRO) om att genomf&ouml;ra studien. IRLAB har tillsammans med TCTC d&auml;rmed den organisation som kr&auml;vs f&ouml;r att utf&ouml;ra studien i Storbritannien.<\/span><\/p>\n<p><span>&rdquo;Resultaten fr&aring;n Fas I och Fas Ib-studierna hos patienter med Parkinsons sjukdom och levodopa-inducerade dyskinesier i Sverige &auml;r lovande f&ouml;r den fortsatta utvecklingen av IRL790. Vi har nyligen genomf&ouml;rt en s&aring; kallad feasibility analys i Storbritannien. Klinikerna d&auml;r har h&ouml;g klinisk kompetens kring Parkinsons sjukdom och har patientunderlag och intresse att genomf&ouml;ra Fas 2- studien. Vi ser fram emot att arbeta med v&aring;ra kollegor hos TCTC som har stor tidigare erfarenhet att bedriva internationella kliniska pr&ouml;vningar inom neurodegenerativa sjukdomar&rdquo;, s&auml;ger Joakim Tedroff, IRLAB:s medicinska chef (CMO).<\/span><\/p>\n<p><span>&#8221;TCTC &auml;r glada att f&aring; arbeta med IRLAB i denna studie. Det finns ett stort medicinskt behov av att f&ouml;rb&auml;ttra livet f&ouml;r patienter med Parkinsons sjukdom och IRL790 &auml;r en ny sp&auml;nnande behandlingsm&ouml;jlighet f&ouml;r dyskinesier vid Parkinsons sjukdom. Vi ser mycket fram emot att arbeta med IRLAB och de brittiska l&auml;karna f&ouml;r att genomf&ouml;ra denna viktiga studie&#8221;, s&auml;ger Susan McGoldrick, CNS Project Director, TCTC.<\/span><\/p>\n<p><strong>Om IRL790<\/strong><\/p>\n<p>IRL790 &auml;r framtagen f&ouml;r behandling av ofrivilliga &ouml;verr&ouml;relser till f&ouml;ljd av behandling med levodopa (L-dopa),&nbsp;s&aring; kallade PD-LIDs, och psykoser vid Parkinsons sjukdom (PD-P). IRL790 har i de prekliniska djurstudier som genomf&ouml;rts minskat de ofrivilliga &ouml;verr&ouml;relser som uppst&aring;r efter en tids behandling med L-dopa och IRL790 har dessutom, i prekliniska djurstudier, uppvisat antipsykotiska effekter. Bolaget anser att IRL790 d&auml;rmed har m&ouml;jlighet att samtidigt behandla flera symtom vid Parkinsons sjukdom.<\/p>\n","protected":false},"excerpt":{"rendered":"<p>Utvecklingen av IRLAB Therapeutics l\u00e4kemedelskandidater forts\u00e4tter enligt plan och avtal har tecknats med brittiska The Clinical Trial Company Ltd (TCTC) f\u00f6r att genomf\u00f6ra den planerade Fas 2-studien avseende l\u00e4kemedelskandidaten IRL790. Studien skall genomf\u00f6ras vid kliniker i Storbritannien. IRLAB inleder d\u00e4rmed under h\u00f6sten Fas 2-studier med b\u00e5da sina l\u00e4kemedelskandidater \u2013 IRL790 och IRL752.<\/p>\n","protected":false},"author":0,"featured_media":0,"comment_status":"open","ping_status":"open","sticky":false,"template":"","format":"standard","meta":{"_acf_changed":false,"footnotes":""},"categories":[23],"tags":[],"class_list":["post-2769","post","type-post","status-publish","format-standard","hentry","category-pressmeddelande-2"],"acf":[],"yoast_head":"<!-- This site is optimized with the Yoast SEO plugin v26.7 - https:\/\/yoast.com\/wordpress\/plugins\/seo\/ -->\n<title>IRLAB tecknar avtal om Fas 2-studie med IRL790 - IRLAB<\/title>\n<meta name=\"robots\" content=\"index, follow, max-snippet:-1, max-image-preview:large, max-video-preview:-1\" \/>\n<link rel=\"canonical\" href=\"https:\/\/irlab.se\/sv\/irlab-tecknar-avtal-om-fas-2-studie-med-irl790\/\" \/>\n<meta property=\"og:locale\" content=\"sv_SE\" \/>\n<meta property=\"og:type\" content=\"article\" \/>\n<meta property=\"og:title\" content=\"IRLAB tecknar avtal om Fas 2-studie med IRL790 - IRLAB\" \/>\n<meta property=\"og:description\" content=\"Utvecklingen av IRLAB Therapeutics l\u00e4kemedelskandidater forts\u00e4tter enligt plan och avtal har tecknats med brittiska The Clinical Trial Company Ltd (TCTC) f\u00f6r att genomf\u00f6ra den planerade Fas 2-studien avseende l\u00e4kemedelskandidaten IRL790. Studien skall genomf\u00f6ras vid kliniker i Storbritannien. IRLAB inleder d\u00e4rmed under h\u00f6sten Fas 2-studier med b\u00e5da sina l\u00e4kemedelskandidater \u2013 IRL790 och IRL752.\" \/>\n<meta property=\"og:url\" content=\"https:\/\/irlab.se\/sv\/irlab-tecknar-avtal-om-fas-2-studie-med-irl790\/\" \/>\n<meta property=\"og:site_name\" content=\"IRLAB\" \/>\n<meta property=\"article:published_time\" content=\"2017-08-17T07:50:55+00:00\" \/>\n<meta name=\"twitter:card\" content=\"summary_large_image\" \/>\n<meta name=\"twitter:label1\" content=\"Ber\u00e4knad l\u00e4stid\" \/>\n\t<meta name=\"twitter:data1\" content=\"2 minuter\" \/>\n<script type=\"application\/ld+json\" class=\"yoast-schema-graph\">{\"@context\":\"https:\/\/schema.org\",\"@graph\":[{\"@type\":\"Article\",\"@id\":\"https:\/\/irlab.se\/sv\/irlab-tecknar-avtal-om-fas-2-studie-med-irl790\/#article\",\"isPartOf\":{\"@id\":\"https:\/\/irlab.se\/sv\/irlab-tecknar-avtal-om-fas-2-studie-med-irl790\/\"},\"author\":{\"name\":\"\",\"@id\":\"\"},\"headline\":\"IRLAB tecknar avtal om Fas 2-studie med IRL790\",\"datePublished\":\"2017-08-17T07:50:55+00:00\",\"mainEntityOfPage\":{\"@id\":\"https:\/\/irlab.se\/sv\/irlab-tecknar-avtal-om-fas-2-studie-med-irl790\/\"},\"wordCount\":433,\"commentCount\":0,\"articleSection\":[\"Pressmeddelande\"],\"inLanguage\":\"sv-SE\",\"potentialAction\":[{\"@type\":\"CommentAction\",\"name\":\"Comment\",\"target\":[\"https:\/\/irlab.se\/sv\/irlab-tecknar-avtal-om-fas-2-studie-med-irl790\/#respond\"]}]},{\"@type\":\"WebPage\",\"@id\":\"https:\/\/irlab.se\/sv\/irlab-tecknar-avtal-om-fas-2-studie-med-irl790\/\",\"url\":\"https:\/\/irlab.se\/sv\/irlab-tecknar-avtal-om-fas-2-studie-med-irl790\/\",\"name\":\"IRLAB tecknar avtal om Fas 2-studie med IRL790 - IRLAB\",\"isPartOf\":{\"@id\":\"https:\/\/irlab.se\/#website\"},\"datePublished\":\"2017-08-17T07:50:55+00:00\",\"author\":{\"@id\":\"\"},\"breadcrumb\":{\"@id\":\"https:\/\/irlab.se\/sv\/irlab-tecknar-avtal-om-fas-2-studie-med-irl790\/#breadcrumb\"},\"inLanguage\":\"sv-SE\",\"potentialAction\":[{\"@type\":\"ReadAction\",\"target\":[\"https:\/\/irlab.se\/sv\/irlab-tecknar-avtal-om-fas-2-studie-med-irl790\/\"]}]},{\"@type\":\"BreadcrumbList\",\"@id\":\"https:\/\/irlab.se\/sv\/irlab-tecknar-avtal-om-fas-2-studie-med-irl790\/#breadcrumb\",\"itemListElement\":[{\"@type\":\"ListItem\",\"position\":1,\"name\":\"Home\",\"item\":\"https:\/\/irlab.se\/sv\/\"},{\"@type\":\"ListItem\",\"position\":2,\"name\":\"IRLAB tecknar avtal om Fas 2-studie med IRL790\"}]},{\"@type\":\"WebSite\",\"@id\":\"https:\/\/irlab.se\/#website\",\"url\":\"https:\/\/irlab.se\/\",\"name\":\"Irlab\",\"description\":\"Novel treatments for Parkinson&#039;s disease\",\"potentialAction\":[{\"@type\":\"SearchAction\",\"target\":{\"@type\":\"EntryPoint\",\"urlTemplate\":\"https:\/\/irlab.se\/?s={search_term_string}\"},\"query-input\":{\"@type\":\"PropertyValueSpecification\",\"valueRequired\":true,\"valueName\":\"search_term_string\"}}],\"inLanguage\":\"sv-SE\"}]}<\/script>\n<!-- \/ Yoast SEO plugin. -->","yoast_head_json":{"title":"IRLAB tecknar avtal om Fas 2-studie med IRL790 - IRLAB","robots":{"index":"index","follow":"follow","max-snippet":"max-snippet:-1","max-image-preview":"max-image-preview:large","max-video-preview":"max-video-preview:-1"},"canonical":"https:\/\/irlab.se\/sv\/irlab-tecknar-avtal-om-fas-2-studie-med-irl790\/","og_locale":"sv_SE","og_type":"article","og_title":"IRLAB tecknar avtal om Fas 2-studie med IRL790 - IRLAB","og_description":"Utvecklingen av IRLAB Therapeutics l\u00e4kemedelskandidater forts\u00e4tter enligt plan och avtal har tecknats med brittiska The Clinical Trial Company Ltd (TCTC) f\u00f6r att genomf\u00f6ra den planerade Fas 2-studien avseende l\u00e4kemedelskandidaten IRL790. Studien skall genomf\u00f6ras vid kliniker i Storbritannien. IRLAB inleder d\u00e4rmed under h\u00f6sten Fas 2-studier med b\u00e5da sina l\u00e4kemedelskandidater \u2013 IRL790 och IRL752.","og_url":"https:\/\/irlab.se\/sv\/irlab-tecknar-avtal-om-fas-2-studie-med-irl790\/","og_site_name":"IRLAB","article_published_time":"2017-08-17T07:50:55+00:00","twitter_card":"summary_large_image","twitter_misc":{"Ber\u00e4knad l\u00e4stid":"2 minuter"},"schema":{"@context":"https:\/\/schema.org","@graph":[{"@type":"Article","@id":"https:\/\/irlab.se\/sv\/irlab-tecknar-avtal-om-fas-2-studie-med-irl790\/#article","isPartOf":{"@id":"https:\/\/irlab.se\/sv\/irlab-tecknar-avtal-om-fas-2-studie-med-irl790\/"},"author":{"name":"","@id":""},"headline":"IRLAB tecknar avtal om Fas 2-studie med IRL790","datePublished":"2017-08-17T07:50:55+00:00","mainEntityOfPage":{"@id":"https:\/\/irlab.se\/sv\/irlab-tecknar-avtal-om-fas-2-studie-med-irl790\/"},"wordCount":433,"commentCount":0,"articleSection":["Pressmeddelande"],"inLanguage":"sv-SE","potentialAction":[{"@type":"CommentAction","name":"Comment","target":["https:\/\/irlab.se\/sv\/irlab-tecknar-avtal-om-fas-2-studie-med-irl790\/#respond"]}]},{"@type":"WebPage","@id":"https:\/\/irlab.se\/sv\/irlab-tecknar-avtal-om-fas-2-studie-med-irl790\/","url":"https:\/\/irlab.se\/sv\/irlab-tecknar-avtal-om-fas-2-studie-med-irl790\/","name":"IRLAB tecknar avtal om Fas 2-studie med IRL790 - IRLAB","isPartOf":{"@id":"https:\/\/irlab.se\/#website"},"datePublished":"2017-08-17T07:50:55+00:00","author":{"@id":""},"breadcrumb":{"@id":"https:\/\/irlab.se\/sv\/irlab-tecknar-avtal-om-fas-2-studie-med-irl790\/#breadcrumb"},"inLanguage":"sv-SE","potentialAction":[{"@type":"ReadAction","target":["https:\/\/irlab.se\/sv\/irlab-tecknar-avtal-om-fas-2-studie-med-irl790\/"]}]},{"@type":"BreadcrumbList","@id":"https:\/\/irlab.se\/sv\/irlab-tecknar-avtal-om-fas-2-studie-med-irl790\/#breadcrumb","itemListElement":[{"@type":"ListItem","position":1,"name":"Home","item":"https:\/\/irlab.se\/sv\/"},{"@type":"ListItem","position":2,"name":"IRLAB tecknar avtal om Fas 2-studie med IRL790"}]},{"@type":"WebSite","@id":"https:\/\/irlab.se\/#website","url":"https:\/\/irlab.se\/","name":"Irlab","description":"Novel treatments for Parkinson&#039;s disease","potentialAction":[{"@type":"SearchAction","target":{"@type":"EntryPoint","urlTemplate":"https:\/\/irlab.se\/?s={search_term_string}"},"query-input":{"@type":"PropertyValueSpecification","valueRequired":true,"valueName":"search_term_string"}}],"inLanguage":"sv-SE"}]}},"_links":{"self":[{"href":"https:\/\/irlab.se\/sv\/wp-json\/wp\/v2\/posts\/2769","targetHints":{"allow":["GET"]}}],"collection":[{"href":"https:\/\/irlab.se\/sv\/wp-json\/wp\/v2\/posts"}],"about":[{"href":"https:\/\/irlab.se\/sv\/wp-json\/wp\/v2\/types\/post"}],"replies":[{"embeddable":true,"href":"https:\/\/irlab.se\/sv\/wp-json\/wp\/v2\/comments?post=2769"}],"version-history":[{"count":0,"href":"https:\/\/irlab.se\/sv\/wp-json\/wp\/v2\/posts\/2769\/revisions"}],"wp:attachment":[{"href":"https:\/\/irlab.se\/sv\/wp-json\/wp\/v2\/media?parent=2769"}],"wp:term":[{"taxonomy":"category","embeddable":true,"href":"https:\/\/irlab.se\/sv\/wp-json\/wp\/v2\/categories?post=2769"},{"taxonomy":"post_tag","embeddable":true,"href":"https:\/\/irlab.se\/sv\/wp-json\/wp\/v2\/tags?post=2769"}],"curies":[{"name":"wp","href":"https:\/\/api.w.org\/{rel}","templated":true}]}}