{"id":2765,"date":"2017-10-04T05:45:00","date_gmt":"2017-10-04T05:45:00","guid":{"rendered":"http:\/\/www.irlab.se\/irlab-inleder-fas-ii-studie-med-irl752-for-behandling-av-demens-vid-parkinsons-sjukdom\/"},"modified":"2017-10-04T05:45:00","modified_gmt":"2017-10-04T05:45:00","slug":"irlab-inleder-fas-ii-studie-med-irl752-for-behandling-av-demens-vid-parkinsons-sjukdom","status":"publish","type":"post","link":"https:\/\/irlab.se\/sv\/irlab-inleder-fas-ii-studie-med-irl752-for-behandling-av-demens-vid-parkinsons-sjukdom\/","title":{"rendered":"IRLAB inleder Fas II-studie med IRL752 f\u00f6r behandling av demens vid Parkinsons sjukdom"},"content":{"rendered":"<p>Fas II-studien avser att studera kognitiva och motoriska funktioner vid behandling med IRL752 hos patienter med Parkinsons sjukdom och demens. I studien kommer &auml;ven information fr&aring;n patienternas anh&ouml;riga och v&aring;rdare inh&auml;mtas f&ouml;r att f&aring; en bredare bild av hur l&auml;kemedelskandidaten kan p&aring;verka patienternas v&auml;lbefinnande och funktion i vardagslivet. Studiens prim&auml;ra syfte &auml;r att unders&ouml;ka s&auml;kerhet och tolererbarhet av IRL752 i denna patientgrupp.<\/p>\n<p><strong>Om IRL752<\/strong><\/p>\n<p>I prekliniska djurstudier har visats att IRL752 h&ouml;jer halterna av signal&auml;mnena dopamin, noradrenalin och acetylkolin i fr&auml;mre hj&auml;rnbarkens nervkopplingar. Dessa signal&auml;mnen &auml;r v&auml;sentliga f&ouml;r kognitiv funktion och &auml;r reducerade vid demens beroende p&aring; Parkinsons sjukdom. IRLAB utvecklar d&auml;rf&ouml;r IRL752 f&ouml;r behandling av demens vid Parkinsons sjukdom.<\/p>\n<p><span><span>I de tidigare genomf&ouml;rda Fas I-studierna visar resultaten att IRL752 &auml;r v&auml;l tolererad och har mycket god s&auml;kerhetsprofil. Substansen gav inga o&ouml;nskade effekter p&aring; vitala funktioner eller utslag i de laboratorieanalyser som ingick i studien. IRL752 uppvisar doslinj&auml;r farmakokinetik. F&ouml;dointag p&aring;verkar inte upptag och distribution av l&auml;kemedelskandidaten i kroppen.<\/span><\/span><\/p>\n","protected":false},"excerpt":{"rendered":"<p>Patienter med Parkinsons sjukdom har nu p\u00e5b\u00f6rjat behandling med l\u00e4kemedelskandidaten IRL752 i en randomiserad, dubbelblind och placebokontrollerad Fas II-studie. Studien avser att ge information om effekt, s\u00e4kerhet och tolererbarhet vid behandling av demens vid Parkinsons sjukdom, ett omr\u00e5de som idag saknar effektiv behandling samtidigt som de medicinska behoven \u00e4r stora. Studien, som genomf\u00f6rs i Skandinavien och omfattar omkring 40 patienter som behandlas under fyra veckor, ber\u00e4knas vara genomf\u00f6rd under det andra kvartalet 2018.<\/p>\n","protected":false},"author":0,"featured_media":0,"comment_status":"open","ping_status":"open","sticky":false,"template":"","format":"standard","meta":{"_acf_changed":false,"footnotes":""},"categories":[23],"tags":[],"class_list":["post-2765","post","type-post","status-publish","format-standard","hentry","category-pressmeddelande-2"],"acf":[],"yoast_head":"<!-- This site is optimized with the Yoast SEO plugin v26.7 - https:\/\/yoast.com\/wordpress\/plugins\/seo\/ -->\n<title>IRLAB inleder Fas II-studie med IRL752 f\u00f6r behandling av demens vid Parkinsons sjukdom - IRLAB<\/title>\n<meta name=\"robots\" content=\"index, follow, max-snippet:-1, max-image-preview:large, max-video-preview:-1\" \/>\n<link rel=\"canonical\" href=\"https:\/\/irlab.se\/sv\/irlab-inleder-fas-ii-studie-med-irl752-for-behandling-av-demens-vid-parkinsons-sjukdom\/\" \/>\n<meta property=\"og:locale\" content=\"sv_SE\" \/>\n<meta property=\"og:type\" content=\"article\" \/>\n<meta property=\"og:title\" content=\"IRLAB inleder Fas II-studie med IRL752 f\u00f6r behandling av demens vid Parkinsons sjukdom - IRLAB\" \/>\n<meta property=\"og:description\" content=\"Patienter med Parkinsons sjukdom har nu p\u00e5b\u00f6rjat behandling med l\u00e4kemedelskandidaten IRL752 i en randomiserad, dubbelblind och placebokontrollerad Fas II-studie. Studien avser att ge information om effekt, s\u00e4kerhet och tolererbarhet vid behandling av demens vid Parkinsons sjukdom, ett omr\u00e5de som idag saknar effektiv behandling samtidigt som de medicinska behoven \u00e4r stora. Studien, som genomf\u00f6rs i Skandinavien och omfattar omkring 40 patienter som behandlas under fyra veckor, ber\u00e4knas vara genomf\u00f6rd under det andra kvartalet 2018.\" \/>\n<meta property=\"og:url\" content=\"https:\/\/irlab.se\/sv\/irlab-inleder-fas-ii-studie-med-irl752-for-behandling-av-demens-vid-parkinsons-sjukdom\/\" \/>\n<meta property=\"og:site_name\" content=\"IRLAB\" \/>\n<meta property=\"article:published_time\" content=\"2017-10-04T05:45:00+00:00\" \/>\n<meta name=\"twitter:card\" content=\"summary_large_image\" \/>\n<meta name=\"twitter:label1\" content=\"Ber\u00e4knad l\u00e4stid\" \/>\n\t<meta name=\"twitter:data1\" content=\"1 minut\" \/>\n<script type=\"application\/ld+json\" class=\"yoast-schema-graph\">{\"@context\":\"https:\/\/schema.org\",\"@graph\":[{\"@type\":\"Article\",\"@id\":\"https:\/\/irlab.se\/sv\/irlab-inleder-fas-ii-studie-med-irl752-for-behandling-av-demens-vid-parkinsons-sjukdom\/#article\",\"isPartOf\":{\"@id\":\"https:\/\/irlab.se\/sv\/irlab-inleder-fas-ii-studie-med-irl752-for-behandling-av-demens-vid-parkinsons-sjukdom\/\"},\"author\":{\"name\":\"\",\"@id\":\"\"},\"headline\":\"IRLAB inleder Fas II-studie med IRL752 f\u00f6r behandling av demens vid Parkinsons sjukdom\",\"datePublished\":\"2017-10-04T05:45:00+00:00\",\"mainEntityOfPage\":{\"@id\":\"https:\/\/irlab.se\/sv\/irlab-inleder-fas-ii-studie-med-irl752-for-behandling-av-demens-vid-parkinsons-sjukdom\/\"},\"wordCount\":239,\"commentCount\":0,\"articleSection\":[\"Pressmeddelande\"],\"inLanguage\":\"sv-SE\",\"potentialAction\":[{\"@type\":\"CommentAction\",\"name\":\"Comment\",\"target\":[\"https:\/\/irlab.se\/sv\/irlab-inleder-fas-ii-studie-med-irl752-for-behandling-av-demens-vid-parkinsons-sjukdom\/#respond\"]}]},{\"@type\":\"WebPage\",\"@id\":\"https:\/\/irlab.se\/sv\/irlab-inleder-fas-ii-studie-med-irl752-for-behandling-av-demens-vid-parkinsons-sjukdom\/\",\"url\":\"https:\/\/irlab.se\/sv\/irlab-inleder-fas-ii-studie-med-irl752-for-behandling-av-demens-vid-parkinsons-sjukdom\/\",\"name\":\"IRLAB inleder Fas II-studie med IRL752 f\u00f6r behandling av demens vid Parkinsons sjukdom - IRLAB\",\"isPartOf\":{\"@id\":\"https:\/\/irlab.se\/#website\"},\"datePublished\":\"2017-10-04T05:45:00+00:00\",\"author\":{\"@id\":\"\"},\"breadcrumb\":{\"@id\":\"https:\/\/irlab.se\/sv\/irlab-inleder-fas-ii-studie-med-irl752-for-behandling-av-demens-vid-parkinsons-sjukdom\/#breadcrumb\"},\"inLanguage\":\"sv-SE\",\"potentialAction\":[{\"@type\":\"ReadAction\",\"target\":[\"https:\/\/irlab.se\/sv\/irlab-inleder-fas-ii-studie-med-irl752-for-behandling-av-demens-vid-parkinsons-sjukdom\/\"]}]},{\"@type\":\"BreadcrumbList\",\"@id\":\"https:\/\/irlab.se\/sv\/irlab-inleder-fas-ii-studie-med-irl752-for-behandling-av-demens-vid-parkinsons-sjukdom\/#breadcrumb\",\"itemListElement\":[{\"@type\":\"ListItem\",\"position\":1,\"name\":\"Home\",\"item\":\"https:\/\/irlab.se\/sv\/\"},{\"@type\":\"ListItem\",\"position\":2,\"name\":\"IRLAB inleder Fas II-studie med IRL752 f\u00f6r behandling av demens vid Parkinsons sjukdom\"}]},{\"@type\":\"WebSite\",\"@id\":\"https:\/\/irlab.se\/#website\",\"url\":\"https:\/\/irlab.se\/\",\"name\":\"Irlab\",\"description\":\"Novel treatments for Parkinson&#039;s disease\",\"potentialAction\":[{\"@type\":\"SearchAction\",\"target\":{\"@type\":\"EntryPoint\",\"urlTemplate\":\"https:\/\/irlab.se\/?s={search_term_string}\"},\"query-input\":{\"@type\":\"PropertyValueSpecification\",\"valueRequired\":true,\"valueName\":\"search_term_string\"}}],\"inLanguage\":\"sv-SE\"}]}<\/script>\n<!-- \/ Yoast SEO plugin. -->","yoast_head_json":{"title":"IRLAB inleder Fas II-studie med IRL752 f\u00f6r behandling av demens vid Parkinsons sjukdom - IRLAB","robots":{"index":"index","follow":"follow","max-snippet":"max-snippet:-1","max-image-preview":"max-image-preview:large","max-video-preview":"max-video-preview:-1"},"canonical":"https:\/\/irlab.se\/sv\/irlab-inleder-fas-ii-studie-med-irl752-for-behandling-av-demens-vid-parkinsons-sjukdom\/","og_locale":"sv_SE","og_type":"article","og_title":"IRLAB inleder Fas II-studie med IRL752 f\u00f6r behandling av demens vid Parkinsons sjukdom - IRLAB","og_description":"Patienter med Parkinsons sjukdom har nu p\u00e5b\u00f6rjat behandling med l\u00e4kemedelskandidaten IRL752 i en randomiserad, dubbelblind och placebokontrollerad Fas II-studie. Studien avser att ge information om effekt, s\u00e4kerhet och tolererbarhet vid behandling av demens vid Parkinsons sjukdom, ett omr\u00e5de som idag saknar effektiv behandling samtidigt som de medicinska behoven \u00e4r stora. Studien, som genomf\u00f6rs i Skandinavien och omfattar omkring 40 patienter som behandlas under fyra veckor, ber\u00e4knas vara genomf\u00f6rd under det andra kvartalet 2018.","og_url":"https:\/\/irlab.se\/sv\/irlab-inleder-fas-ii-studie-med-irl752-for-behandling-av-demens-vid-parkinsons-sjukdom\/","og_site_name":"IRLAB","article_published_time":"2017-10-04T05:45:00+00:00","twitter_card":"summary_large_image","twitter_misc":{"Ber\u00e4knad l\u00e4stid":"1 minut"},"schema":{"@context":"https:\/\/schema.org","@graph":[{"@type":"Article","@id":"https:\/\/irlab.se\/sv\/irlab-inleder-fas-ii-studie-med-irl752-for-behandling-av-demens-vid-parkinsons-sjukdom\/#article","isPartOf":{"@id":"https:\/\/irlab.se\/sv\/irlab-inleder-fas-ii-studie-med-irl752-for-behandling-av-demens-vid-parkinsons-sjukdom\/"},"author":{"name":"","@id":""},"headline":"IRLAB inleder Fas II-studie med IRL752 f\u00f6r behandling av demens vid Parkinsons sjukdom","datePublished":"2017-10-04T05:45:00+00:00","mainEntityOfPage":{"@id":"https:\/\/irlab.se\/sv\/irlab-inleder-fas-ii-studie-med-irl752-for-behandling-av-demens-vid-parkinsons-sjukdom\/"},"wordCount":239,"commentCount":0,"articleSection":["Pressmeddelande"],"inLanguage":"sv-SE","potentialAction":[{"@type":"CommentAction","name":"Comment","target":["https:\/\/irlab.se\/sv\/irlab-inleder-fas-ii-studie-med-irl752-for-behandling-av-demens-vid-parkinsons-sjukdom\/#respond"]}]},{"@type":"WebPage","@id":"https:\/\/irlab.se\/sv\/irlab-inleder-fas-ii-studie-med-irl752-for-behandling-av-demens-vid-parkinsons-sjukdom\/","url":"https:\/\/irlab.se\/sv\/irlab-inleder-fas-ii-studie-med-irl752-for-behandling-av-demens-vid-parkinsons-sjukdom\/","name":"IRLAB inleder Fas II-studie med IRL752 f\u00f6r behandling av demens vid Parkinsons sjukdom - IRLAB","isPartOf":{"@id":"https:\/\/irlab.se\/#website"},"datePublished":"2017-10-04T05:45:00+00:00","author":{"@id":""},"breadcrumb":{"@id":"https:\/\/irlab.se\/sv\/irlab-inleder-fas-ii-studie-med-irl752-for-behandling-av-demens-vid-parkinsons-sjukdom\/#breadcrumb"},"inLanguage":"sv-SE","potentialAction":[{"@type":"ReadAction","target":["https:\/\/irlab.se\/sv\/irlab-inleder-fas-ii-studie-med-irl752-for-behandling-av-demens-vid-parkinsons-sjukdom\/"]}]},{"@type":"BreadcrumbList","@id":"https:\/\/irlab.se\/sv\/irlab-inleder-fas-ii-studie-med-irl752-for-behandling-av-demens-vid-parkinsons-sjukdom\/#breadcrumb","itemListElement":[{"@type":"ListItem","position":1,"name":"Home","item":"https:\/\/irlab.se\/sv\/"},{"@type":"ListItem","position":2,"name":"IRLAB inleder Fas II-studie med IRL752 f\u00f6r behandling av demens vid Parkinsons sjukdom"}]},{"@type":"WebSite","@id":"https:\/\/irlab.se\/#website","url":"https:\/\/irlab.se\/","name":"Irlab","description":"Novel treatments for Parkinson&#039;s disease","potentialAction":[{"@type":"SearchAction","target":{"@type":"EntryPoint","urlTemplate":"https:\/\/irlab.se\/?s={search_term_string}"},"query-input":{"@type":"PropertyValueSpecification","valueRequired":true,"valueName":"search_term_string"}}],"inLanguage":"sv-SE"}]}},"_links":{"self":[{"href":"https:\/\/irlab.se\/sv\/wp-json\/wp\/v2\/posts\/2765","targetHints":{"allow":["GET"]}}],"collection":[{"href":"https:\/\/irlab.se\/sv\/wp-json\/wp\/v2\/posts"}],"about":[{"href":"https:\/\/irlab.se\/sv\/wp-json\/wp\/v2\/types\/post"}],"replies":[{"embeddable":true,"href":"https:\/\/irlab.se\/sv\/wp-json\/wp\/v2\/comments?post=2765"}],"version-history":[{"count":0,"href":"https:\/\/irlab.se\/sv\/wp-json\/wp\/v2\/posts\/2765\/revisions"}],"wp:attachment":[{"href":"https:\/\/irlab.se\/sv\/wp-json\/wp\/v2\/media?parent=2765"}],"wp:term":[{"taxonomy":"category","embeddable":true,"href":"https:\/\/irlab.se\/sv\/wp-json\/wp\/v2\/categories?post=2765"},{"taxonomy":"post_tag","embeddable":true,"href":"https:\/\/irlab.se\/sv\/wp-json\/wp\/v2\/tags?post=2765"}],"curies":[{"name":"wp","href":"https:\/\/api.w.org\/{rel}","templated":true}]}}