{"id":13570,"date":"2026-09-03T10:55:00","date_gmt":"2026-09-03T08:55:00","guid":{"rendered":"https:\/\/irlab.se\/mfn_news\/irlabs-vd-avser-att-lamna-sin-position-under-det-forsta-kvartalet-2027\/"},"modified":"2026-09-03T10:55:00","modified_gmt":"2026-09-03T08:55:00","slug":"irlabs-vd-avser-att-lamna-sin-position-under-det-forsta-kvartalet-2027","status":"publish","type":"mfn_news","link":"https:\/\/irlab.se\/sv\/mfn_news\/irlabs-vd-avser-att-lamna-sin-position-under-det-forsta-kvartalet-2027\/","title":{"rendered":"IRLAB:s vd avser att l\u00e4mna sin position under det f\u00f6rsta kvartalet 2027"},"content":{"rendered":"<div class=\"mfn-preamble\">\n<p><strong>G\u00f6teborg, 3 september 2026 \u2013 IRLAB Therapeutics AB (Nasdaq Stockholm: IRLAB A), ett f\u00f6retag som uppt\u00e4cker och utvecklar nya behandlingar f\u00f6r Parkinsons sjukdom, meddelar idag att Kristina Torfg\u00e5rd har informerat styrelsen om att hon \u00f6nskar l\u00e4mna sin position som vd. Hon kommer att kvarst\u00e5 i vd-rollen till f\u00f6rsta kvartalet 2027, vilket skapar goda f\u00f6ruts\u00e4ttningar f\u00f6r en smidig \u00f6verg\u00e5ng till hennes eftertr\u00e4dare. Styrelsen kommer omedelbart att inleda arbetet med att s\u00e4kerst\u00e4lla ett v\u00e4l strukturerat ledarskifte.<\/strong><\/p>\n<\/div>\n<div class=\"mfn-body\">\n<p>\u201dP\u00e5 styrelsens v\u00e4gnar vill jag redan nu rikta ett varmt tack till Kristina Torfg\u00e5rd f\u00f6r hennes insatser som vd. Vi uppskattar att hon har meddelat styrelsen sin avsikt med s\u00e5 god framf\u00f6rh\u00e5llning och \u00e4r \u00f6vertygade om att hon kommer att forts\u00e4tta sitt gedigna och engagerade arbete f\u00f6r att IRLAB ska kunna ta de p\u00e5g\u00e5ende partnerdiskussionerna hela v\u00e4gen i m\u00e5l. Samtidigt forts\u00e4tter framstegen i den p\u00e5g\u00e5ende kliniska studien av l\u00e4kemedelskandidaten linepemat och bolagets finansiella uth\u00e5llighet str\u00e4cker sig f\u00f6rbi den planerade resultatavl\u00e4sningen i mitten av 2027. Nu initierar vi omedelbart processen att finna en l\u00e4mplig eftertr\u00e4dare p\u00e5 vd-positionen\u201d, s\u00e4ger Carola Lemne, styrelseordf\u00f6rande i IRLAB Therapeutics.<\/p>\n<p>\u201dDet \u00e4r med blandade k\u00e4nslor som jag har meddelat styrelsen att jag \u00f6nskar l\u00e4mna IRLAB, ett bolag som jag \u00e4r stolt \u00f6ver att ha varit en del av. Med en framg\u00e5ngsrik kapitalanskaffning i ryggen och intensiva p\u00e5g\u00e5ende aktiviteter f\u00f6r att s\u00e4kra n\u00e4sta int\u00e4ktsgenererande samarbetsavtal ser jag nu fram emot att forts\u00e4tta arbeta f\u00f6r att leverera p\u00e5 v\u00e5ra uppsatta m\u00e5l till dess att jag i b\u00f6rjan av n\u00e4sta \u00e5r tar n\u00e4sta steg i mitt yrkesliv&#034;, s\u00e4ger Kristina Torfg\u00e5rd, vd f\u00f6r IRLAB Therapeutics.<\/p>\n<\/div>\n<div class=\"mfn-footer mfn-9b5998867732\">\n<p><strong class=\"mfn-heading-1\">F\u00f6r mer information:<\/strong><\/p>\n<hr \/>\n<p>Carola Lemne, styrelsens ordf\u00f6rande<br \/>Tel: +46 722 25 28 20<br \/>E-post: <a href=\"mailto:carola.lemne@irlab.se\" rel=\"noopener\" target=\"_blank\">carola.lemne@irlab.se<\/a><\/p>\n<\/div>\n<div class=\"mfn-footer mfn-regulatory mfn-regulatory-mar\">\n<p><em>Denna information \u00e4r s\u00e5dan information som IRLAB Therapeutics \u00e4r skyldigt att offentligg\u00f6ra enligt EU:s marknadsmissbruksf\u00f6rordning. Informationen l\u00e4mnades, genom ovanst\u00e5ende kontaktpersoners f\u00f6rsorg, f\u00f6r offentligg\u00f6rande den 2026-09-03 10:55 CEST.<\/em><\/p>\n<\/div>\n<div class=\"mfn-footer mfn-about mfn-a19a8f82b785\">\n<p><strong class=\"mfn-heading-1\">Om IRLAB<\/strong><\/p>\n<hr \/>\n<p>IRLAB uppt\u00e4cker och utvecklar en portf\u00f6lj av transformativa behandlingar f\u00f6r alla stadier av Parkinsons sjukdom. Bolaget har sitt ursprung i Nobelpristagaren Prof. Arvid Carlssons forskargrupp och uppt\u00e4ckten av ett samband mellan st\u00f6rningar i hj\u00e4rnans signalsubstanser och hj\u00e4rnans sjukdomar. Mesdopetam (IRL790), under utveckling f\u00f6r behandling av levodopa-inducerade dyskinesier, har slutf\u00f6rt Fas IIb och \u00e4r i f\u00f6rberedelse f\u00f6r Fas III. Pirepemat (IRL752), befinner sig f\u00f6r n\u00e4rvarande i Fas IIb, och utv\u00e4rderas f\u00f6r sin effekt p\u00e5 fallfrekvens vid Parkinson. IRL757, en substans som utvecklas f\u00f6r behandling av apati vid neurodegenerativa sjukdomar, befinner sig i Fas Ib. Dessutom utvecklar bolaget de tv\u00e5 prekliniska programmen IRL942 och IRL1117 mot Fas I-studier. IRLAB:s pipeline har genererats av bolagets egenutvecklade systembiologibaserade forskningsplattform Integrative Screening Process (ISP). IRLAB har sitt huvudkontor i Sverige och \u00e4r noterat p\u00e5 Nasdaq Stockholm (IRLAB A). F\u00f6r mer information, bes\u00f6k\u00a0<a href=\"http:\/\/www.irlab.se\/\" rel=\"noopener\" target=\"_blank\">www.irlab.se<\/a>.<\/p>\n<\/div>\n<div class=\"mfn-footer mfn-attachment mfn-attachment-general\">\n<p><strong class=\"mfn-heading-1\">Bifogade filer<\/strong><\/p>\n<hr \/>\n<p><a class=\"mfn-generated mfn-primary\" href=\"https:\/\/storage.mfn.se\/3e90d2a7-268a-4d30-be5f-14de36bc879f\/irlab-s-vd-avser-att-lamna-sin-position-under-det-forsta-kvartalet-2027.pdf\" rel=\"noopener\" target=\"_blank\">IRLAB:s vd avser att l\u00e4mna sin position under det f\u00f6rsta kvartalet 2027<\/a><\/p>\n<\/div>\n","protected":false},"excerpt":{"rendered":"<p>G\u00f6teborg, 3 september 2026 \u2013 IRLAB Therapeutics AB (Nasdaq Stockholm: IRLAB A), ett f\u00f6retag som uppt\u00e4cker och utvecklar nya behandlingar f\u00f6r Parkinsons sjukdom, meddelar idag att Kristina Torfg\u00e5rd har informerat styrelsen om att hon \u00f6nskar l\u00e4mna sin position som vd. Hon kommer att kvarst\u00e5 i vd-rollen till f\u00f6rsta kvartalet 2027, vilket skapar goda f\u00f6ruts\u00e4ttningar f\u00f6r en smidig \u00f6verg\u00e5ng till hennes eftertr\u00e4dare. Styrelsen kommer omedelbart att inleda arbetet med att s\u00e4kerst\u00e4lla ett v\u00e4l strukturerat ledarskifte.<\/p>\n","protected":false},"template":"","class_list":["post-13570","mfn_news","type-mfn_news","status-publish","hentry","mfn-news-tag-mfn-ci_sv","mfn-news-tag-mfn-type-ir_sv","mfn-news-tag-mfn-regulatory-mar_sv","mfn-news-tag-mfn_sv","mfn-news-tag-mfn-ci-other_sv","mfn-news-tag-mfn-regulatory_sv","mfn-news-tag-mfn-lang-sv_sv"],"acf":[],"yoast_head":"<!-- This site is optimized with the Yoast SEO plugin v27.9 - https:\/\/yoast.com\/product\/yoast-seo-wordpress\/ -->\n<title>IRLAB:s vd avser att l\u00e4mna sin position under det f\u00f6rsta kvartalet 2027 - IRLAB<\/title>\n<meta name=\"robots\" content=\"index, follow, max-snippet:-1, max-image-preview:large, max-video-preview:-1\" \/>\n<link rel=\"canonical\" href=\"https:\/\/irlab.se\/sv\/mfn_news\/irlabs-vd-avser-att-lamna-sin-position-under-det-forsta-kvartalet-2027\/\" \/>\n<meta property=\"og:locale\" content=\"sv_SE\" \/>\n<meta property=\"og:type\" content=\"article\" \/>\n<meta property=\"og:title\" content=\"IRLAB:s vd avser att l\u00e4mna sin position under det f\u00f6rsta kvartalet 2027 - IRLAB\" \/>\n<meta property=\"og:description\" content=\"G\u00f6teborg, 3 september 2026 \u2013 IRLAB Therapeutics AB (Nasdaq Stockholm: IRLAB A), ett f\u00f6retag som uppt\u00e4cker och utvecklar nya behandlingar f\u00f6r Parkinsons sjukdom, meddelar idag att Kristina Torfg\u00e5rd har informerat styrelsen om att hon \u00f6nskar l\u00e4mna sin position som vd. Hon kommer att kvarst\u00e5 i vd-rollen till f\u00f6rsta kvartalet 2027, vilket skapar goda f\u00f6ruts\u00e4ttningar f\u00f6r en smidig \u00f6verg\u00e5ng till hennes eftertr\u00e4dare. Styrelsen kommer omedelbart att inleda arbetet med att s\u00e4kerst\u00e4lla ett v\u00e4l strukturerat ledarskifte.\" \/>\n<meta property=\"og:url\" content=\"https:\/\/irlab.se\/sv\/mfn_news\/irlabs-vd-avser-att-lamna-sin-position-under-det-forsta-kvartalet-2027\/\" \/>\n<meta property=\"og:site_name\" content=\"IRLAB\" \/>\n<meta name=\"twitter:card\" content=\"summary_large_image\" \/>\n<meta name=\"twitter:label1\" content=\"Ber\u00e4knad l\u00e4stid\" \/>\n\t<meta name=\"twitter:data1\" content=\"3 minuter\" \/>\n<script type=\"application\/ld+json\" class=\"yoast-schema-graph\">{\"@context\":\"https:\\\/\\\/schema.org\",\"@graph\":[{\"@type\":\"WebPage\",\"@id\":\"https:\\\/\\\/irlab.se\\\/sv\\\/mfn_news\\\/irlabs-vd-avser-att-lamna-sin-position-under-det-forsta-kvartalet-2027\\\/\",\"url\":\"https:\\\/\\\/irlab.se\\\/sv\\\/mfn_news\\\/irlabs-vd-avser-att-lamna-sin-position-under-det-forsta-kvartalet-2027\\\/\",\"name\":\"IRLAB:s vd avser att l\u00e4mna sin position under det f\u00f6rsta kvartalet 2027 - IRLAB\",\"isPartOf\":{\"@id\":\"https:\\\/\\\/irlab.se\\\/#website\"},\"datePublished\":\"2026-09-03T08:55:00+00:00\",\"breadcrumb\":{\"@id\":\"https:\\\/\\\/irlab.se\\\/sv\\\/mfn_news\\\/irlabs-vd-avser-att-lamna-sin-position-under-det-forsta-kvartalet-2027\\\/#breadcrumb\"},\"inLanguage\":\"sv-SE\",\"potentialAction\":[{\"@type\":\"ReadAction\",\"target\":[\"https:\\\/\\\/irlab.se\\\/sv\\\/mfn_news\\\/irlabs-vd-avser-att-lamna-sin-position-under-det-forsta-kvartalet-2027\\\/\"]}]},{\"@type\":\"BreadcrumbList\",\"@id\":\"https:\\\/\\\/irlab.se\\\/sv\\\/mfn_news\\\/irlabs-vd-avser-att-lamna-sin-position-under-det-forsta-kvartalet-2027\\\/#breadcrumb\",\"itemListElement\":[{\"@type\":\"ListItem\",\"position\":1,\"name\":\"Home\",\"item\":\"https:\\\/\\\/irlab.se\\\/sv\\\/\"},{\"@type\":\"ListItem\",\"position\":2,\"name\":\"MFN News Items\",\"item\":\"https:\\\/\\\/irlab.se\\\/sv\\\/pressmeddelanden\\\/\"},{\"@type\":\"ListItem\",\"position\":3,\"name\":\"IRLAB:s vd avser att l\u00e4mna sin position under det f\u00f6rsta kvartalet 2027\"}]},{\"@type\":\"WebSite\",\"@id\":\"https:\\\/\\\/irlab.se\\\/#website\",\"url\":\"https:\\\/\\\/irlab.se\\\/\",\"name\":\"Irlab\",\"description\":\"Novel treatments for Parkinson&#039;s disease\",\"potentialAction\":[{\"@type\":\"SearchAction\",\"target\":{\"@type\":\"EntryPoint\",\"urlTemplate\":\"https:\\\/\\\/irlab.se\\\/?s={search_term_string}\"},\"query-input\":{\"@type\":\"PropertyValueSpecification\",\"valueRequired\":true,\"valueName\":\"search_term_string\"}}],\"inLanguage\":\"sv-SE\"}]}<\/script>\n<!-- \/ Yoast SEO plugin. -->","yoast_head_json":{"title":"IRLAB:s vd avser att l\u00e4mna sin position under det f\u00f6rsta kvartalet 2027 - IRLAB","robots":{"index":"index","follow":"follow","max-snippet":"max-snippet:-1","max-image-preview":"max-image-preview:large","max-video-preview":"max-video-preview:-1"},"canonical":"https:\/\/irlab.se\/sv\/mfn_news\/irlabs-vd-avser-att-lamna-sin-position-under-det-forsta-kvartalet-2027\/","og_locale":"sv_SE","og_type":"article","og_title":"IRLAB:s vd avser att l\u00e4mna sin position under det f\u00f6rsta kvartalet 2027 - IRLAB","og_description":"G\u00f6teborg, 3 september 2026 \u2013 IRLAB Therapeutics AB (Nasdaq Stockholm: IRLAB A), ett f\u00f6retag som uppt\u00e4cker och utvecklar nya behandlingar f\u00f6r Parkinsons sjukdom, meddelar idag att Kristina Torfg\u00e5rd har informerat styrelsen om att hon \u00f6nskar l\u00e4mna sin position som vd. Hon kommer att kvarst\u00e5 i vd-rollen till f\u00f6rsta kvartalet 2027, vilket skapar goda f\u00f6ruts\u00e4ttningar f\u00f6r en smidig \u00f6verg\u00e5ng till hennes eftertr\u00e4dare. Styrelsen kommer omedelbart att inleda arbetet med att s\u00e4kerst\u00e4lla ett v\u00e4l strukturerat ledarskifte.","og_url":"https:\/\/irlab.se\/sv\/mfn_news\/irlabs-vd-avser-att-lamna-sin-position-under-det-forsta-kvartalet-2027\/","og_site_name":"IRLAB","twitter_card":"summary_large_image","twitter_misc":{"Ber\u00e4knad l\u00e4stid":"3 minuter"},"schema":{"@context":"https:\/\/schema.org","@graph":[{"@type":"WebPage","@id":"https:\/\/irlab.se\/sv\/mfn_news\/irlabs-vd-avser-att-lamna-sin-position-under-det-forsta-kvartalet-2027\/","url":"https:\/\/irlab.se\/sv\/mfn_news\/irlabs-vd-avser-att-lamna-sin-position-under-det-forsta-kvartalet-2027\/","name":"IRLAB:s vd avser att l\u00e4mna sin position under det f\u00f6rsta kvartalet 2027 - IRLAB","isPartOf":{"@id":"https:\/\/irlab.se\/#website"},"datePublished":"2026-09-03T08:55:00+00:00","breadcrumb":{"@id":"https:\/\/irlab.se\/sv\/mfn_news\/irlabs-vd-avser-att-lamna-sin-position-under-det-forsta-kvartalet-2027\/#breadcrumb"},"inLanguage":"sv-SE","potentialAction":[{"@type":"ReadAction","target":["https:\/\/irlab.se\/sv\/mfn_news\/irlabs-vd-avser-att-lamna-sin-position-under-det-forsta-kvartalet-2027\/"]}]},{"@type":"BreadcrumbList","@id":"https:\/\/irlab.se\/sv\/mfn_news\/irlabs-vd-avser-att-lamna-sin-position-under-det-forsta-kvartalet-2027\/#breadcrumb","itemListElement":[{"@type":"ListItem","position":1,"name":"Home","item":"https:\/\/irlab.se\/sv\/"},{"@type":"ListItem","position":2,"name":"MFN News Items","item":"https:\/\/irlab.se\/sv\/pressmeddelanden\/"},{"@type":"ListItem","position":3,"name":"IRLAB:s vd avser att l\u00e4mna sin position under det f\u00f6rsta kvartalet 2027"}]},{"@type":"WebSite","@id":"https:\/\/irlab.se\/#website","url":"https:\/\/irlab.se\/","name":"Irlab","description":"Novel treatments for Parkinson&#039;s disease","potentialAction":[{"@type":"SearchAction","target":{"@type":"EntryPoint","urlTemplate":"https:\/\/irlab.se\/?s={search_term_string}"},"query-input":{"@type":"PropertyValueSpecification","valueRequired":true,"valueName":"search_term_string"}}],"inLanguage":"sv-SE"}]}},"_links":{"self":[{"href":"https:\/\/irlab.se\/sv\/wp-json\/wp\/v2\/mfn_news\/13570","targetHints":{"allow":["GET"]}}],"collection":[{"href":"https:\/\/irlab.se\/sv\/wp-json\/wp\/v2\/mfn_news"}],"about":[{"href":"https:\/\/irlab.se\/sv\/wp-json\/wp\/v2\/types\/mfn_news"}],"wp:attachment":[{"href":"https:\/\/irlab.se\/sv\/wp-json\/wp\/v2\/media?parent=13570"}],"curies":[{"name":"wp","href":"https:\/\/api.w.org\/{rel}","templated":true}]}}